{"id":18729,"date":"2024-08-08T17:23:54","date_gmt":"2024-08-08T17:23:54","guid":{"rendered":"https:\/\/gnfworldwide.com\/?p=18729"},"modified":"2024-08-08T17:23:54","modified_gmt":"2024-08-08T17:23:54","slug":"juan-valdez-cafe-un-aroma-colombiano-que-conquista-el-mundo","status":"publish","type":"post","link":"https:\/\/gnfworldwide.com\/es\/juan-valdez-cafe-un-aroma-colombiano-que-conquista-el-mundo\/","title":{"rendered":"Juan Valdez Caf\u00e9: Un Aroma Colombiano que Conquista el Mundo"},"content":{"rendered":"<p><strong>La marca cafetera colombiana que revoluciona el mercado<\/strong><\/p>\n<p>Juan Valdez Caf\u00e9\u00ae, mucho m\u00e1s que una simple cafeter\u00eda, es un s\u00edmbolo de la cultura cafetera colombiana que ha logrado conquistar paladares en todo el mundo. Con una historia arraigada en la tradici\u00f3n y la pasi\u00f3n por el caf\u00e9, esta marca se ha posicionado como una de las m\u00e1s relevantes a nivel internacional, compitiendo de t\u00fa a t\u00fa con las grandes cadenas de caf\u00e9 estadounidenses y europeas.<\/p>\n<p><strong>El \u00e9xito de una f\u00f3rmula \u00fanica<\/strong><\/p>\n<p>El secreto detr\u00e1s del \u00e9xito de Juan Valdez Caf\u00e9\u00ae reside en su propuesta de valor \u00fanica: un caf\u00e9 de alta calidad, cultivado por m\u00e1s de 500.000 familias colombianas, y una experiencia de consumo que trasciende lo sensorial. Cada taza es una invitaci\u00f3n a un viaje por los cafetales colombianos, donde la tradici\u00f3n y la innovaci\u00f3n se fusionan para ofrecer un producto inigualable.<\/p>\n<p><strong>Presencia global y ambiciosos planes de expansi\u00f3n<\/strong><\/p>\n<p>Con m\u00e1s de 600 cafeter\u00edas repartidas por el mundo, Juan Valdez Caf\u00e9\u00ae ha demostrado su capacidad para adaptarse a diferentes culturas y mercados. Pero la marca no se detiene ah\u00ed. Sus planes de expansi\u00f3n son ambiciosos y apuntan a consolidarse como una de las cafeter\u00edas m\u00e1s grandes del mundo.<\/p>\n<p>Uno de los focos principales de expansi\u00f3n de Juan Valdez Caf\u00e9\u00ae es Medio Oriente y China. La regi\u00f3n ofrece un gran potencial de crecimiento gracias a su creciente demanda de productos premium y a su pasi\u00f3n por el caf\u00e9. Para impulsar su crecimiento en esta zona, la marca cuenta en todo momento con nuestro apoyo de GNF Worldwide, una empresa especializada en el desarrollo y la venta de franquicias. Logrando<\/p>\n<p>GNF Worldwide ofrece un completo programa de desarrollo de franquicias y un servicio de venta externa de franquicias en Medio Oriente. Si est\u00e1s interesado en invertir en un negocio rentable y con un gran futuro, Juan Valdez Caf\u00e9\u00ae es la oportunidad perfecta.<\/p>\n","protected":false},"excerpt":{"rendered":"<p>La marca cafetera colombiana que revoluciona el mercado Juan Valdez Caf\u00e9\u00ae, mucho m\u00e1s que una simple cafeter\u00eda, es un s\u00edmbolo de la cultura cafetera colombiana que ha logrado conquistar paladares en todo el mundo. Con una historia arraigada en la tradici\u00f3n y la pasi\u00f3n por el caf\u00e9, esta marca se ha posicionado como una de [&hellip;]<\/p>\n","protected":false},"author":2,"featured_media":4384,"comment_status":"open","ping_status":"open","sticky":false,"template":"","format":"standard","meta":{"_coblocks_attr":"","_coblocks_dimensions":"","_coblocks_responsive_height":"","_coblocks_accordion_ie_support":"","footnotes":""},"categories":[1],"tags":[],"class_list":["post-18729","post","type-post","status-publish","format-standard","has-post-thumbnail","hentry","category-sin-categorizar"],"acf":[],"yoast_head":"<!-- This site is optimized with the Yoast SEO plugin v27.5 - https:\/\/yoast.com\/product\/yoast-seo-wordpress\/ -->\n<title>Juan Valdez Caf\u00e9: Un Aroma Colombiano que Conquista el Mundo - GNF Worldwide<\/title>\n<meta name=\"description\" content=\"Descubre c\u00f3mo Juan Valdez Caf\u00e9\u00ae, s\u00edmbolo de la cultura cafetera colombiana, ha conquistado el mercado global con su caf\u00e9 de alta calidad y ambiciosos planes de expansi\u00f3n. Con el apoyo de GNF Worldwide, la marca se enfoca en crecer en Medio Oriente y China, consolid\u00e1ndose como una de las cafeter\u00edas m\u00e1s grandes del mundo.\" \/>\n<meta name=\"robots\" content=\"index, follow, max-snippet:-1, max-image-preview:large, max-video-preview:-1\" \/>\n<link rel=\"canonical\" href=\"https:\/\/gnfworldwide.com\/es\/juan-valdez-cafe-un-aroma-colombiano-que-conquista-el-mundo\/\" \/>\n<meta property=\"og:locale\" content=\"es_ES\" \/>\n<meta property=\"og:type\" content=\"article\" \/>\n<meta property=\"og:title\" content=\"Juan Valdez Caf\u00e9: Un Aroma Colombiano que Conquista el Mundo - GNF Worldwide\" \/>\n<meta property=\"og:description\" content=\"Descubre c\u00f3mo Juan Valdez Caf\u00e9\u00ae, s\u00edmbolo de la cultura cafetera colombiana, ha conquistado el mercado global con su caf\u00e9 de alta calidad y ambiciosos planes de expansi\u00f3n. Con el apoyo de GNF Worldwide, la marca se enfoca en crecer en Medio Oriente y China, consolid\u00e1ndose como una de las cafeter\u00edas m\u00e1s grandes del mundo.\" \/>\n<meta property=\"og:url\" content=\"https:\/\/gnfworldwide.com\/es\/juan-valdez-cafe-un-aroma-colombiano-que-conquista-el-mundo\/\" \/>\n<meta property=\"og:site_name\" content=\"GNF Worldwide\" \/>\n<meta property=\"article:published_time\" content=\"2024-08-08T17:23:54+00:00\" \/>\n<meta property=\"og:image\" content=\"https:\/\/gnfworldwide.com\/wp-content\/uploads\/2022\/05\/Disen\u0303o-sin-ti\u0301tulo-22.png\" \/>\n\t<meta property=\"og:image:width\" content=\"670\" \/>\n\t<meta property=\"og:image:height\" content=\"440\" \/>\n\t<meta property=\"og:image:type\" content=\"image\/png\" \/>\n<meta name=\"author\" content=\"Maria de los Angeles\" \/>\n<meta name=\"twitter:card\" content=\"summary_large_image\" \/>\n<meta name=\"twitter:label1\" content=\"Escrito por\" \/>\n\t<meta name=\"twitter:data1\" content=\"Maria de los Angeles\" \/>\n\t<meta name=\"twitter:label2\" content=\"Tiempo de lectura\" \/>\n\t<meta name=\"twitter:data2\" content=\"2 minutos\" \/>\n<script type=\"application\/ld+json\" class=\"yoast-schema-graph\">{\"@context\":\"https:\\\/\\\/schema.org\",\"@graph\":[{\"@type\":\"Article\",\"@id\":\"https:\\\/\\\/gnfworldwide.com\\\/en\\\/juan-valdez-cafe-un-aroma-colombiano-que-conquista-el-mundo\\\/#article\",\"isPartOf\":{\"@id\":\"https:\\\/\\\/gnfworldwide.com\\\/en\\\/juan-valdez-cafe-un-aroma-colombiano-que-conquista-el-mundo\\\/\"},\"author\":{\"name\":\"Maria de los Angeles\",\"@id\":\"https:\\\/\\\/gnfworldwide.com\\\/es\\\/#\\\/schema\\\/person\\\/a07fd74197da9b72c28000635c58b0d6\"},\"headline\":\"Juan Valdez Caf\u00e9: Un Aroma Colombiano que Conquista el Mundo\",\"datePublished\":\"2024-08-08T17:23:54+00:00\",\"mainEntityOfPage\":{\"@id\":\"https:\\\/\\\/gnfworldwide.com\\\/en\\\/juan-valdez-cafe-un-aroma-colombiano-que-conquista-el-mundo\\\/\"},\"wordCount\":341,\"commentCount\":0,\"publisher\":{\"@id\":\"https:\\\/\\\/gnfworldwide.com\\\/es\\\/#organization\"},\"image\":{\"@id\":\"https:\\\/\\\/gnfworldwide.com\\\/en\\\/juan-valdez-cafe-un-aroma-colombiano-que-conquista-el-mundo\\\/#primaryimage\"},\"thumbnailUrl\":\"https:\\\/\\\/gnfworldwide.com\\\/wp-content\\\/uploads\\\/2022\\\/05\\\/Disen\u0303o-sin-ti\u0301tulo-22.png\",\"articleSection\":[\"Sin categorizar\"],\"inLanguage\":\"es\",\"potentialAction\":[{\"@type\":\"CommentAction\",\"name\":\"Comment\",\"target\":[\"https:\\\/\\\/gnfworldwide.com\\\/en\\\/juan-valdez-cafe-un-aroma-colombiano-que-conquista-el-mundo\\\/#respond\"]}]},{\"@type\":\"WebPage\",\"@id\":\"https:\\\/\\\/gnfworldwide.com\\\/en\\\/juan-valdez-cafe-un-aroma-colombiano-que-conquista-el-mundo\\\/\",\"url\":\"https:\\\/\\\/gnfworldwide.com\\\/en\\\/juan-valdez-cafe-un-aroma-colombiano-que-conquista-el-mundo\\\/\",\"name\":\"Juan Valdez Caf\u00e9: Un Aroma Colombiano que Conquista el Mundo - GNF Worldwide\",\"isPartOf\":{\"@id\":\"https:\\\/\\\/gnfworldwide.com\\\/es\\\/#website\"},\"primaryImageOfPage\":{\"@id\":\"https:\\\/\\\/gnfworldwide.com\\\/en\\\/juan-valdez-cafe-un-aroma-colombiano-que-conquista-el-mundo\\\/#primaryimage\"},\"image\":{\"@id\":\"https:\\\/\\\/gnfworldwide.com\\\/en\\\/juan-valdez-cafe-un-aroma-colombiano-que-conquista-el-mundo\\\/#primaryimage\"},\"thumbnailUrl\":\"https:\\\/\\\/gnfworldwide.com\\\/wp-content\\\/uploads\\\/2022\\\/05\\\/Disen\u0303o-sin-ti\u0301tulo-22.png\",\"datePublished\":\"2024-08-08T17:23:54+00:00\",\"description\":\"Descubre c\u00f3mo Juan Valdez Caf\u00e9\u00ae, s\u00edmbolo de la cultura cafetera colombiana, ha conquistado el mercado global con su caf\u00e9 de alta calidad y ambiciosos planes de expansi\u00f3n. Con el apoyo de GNF Worldwide, la marca se enfoca en crecer en Medio Oriente y China, consolid\u00e1ndose como una de las cafeter\u00edas m\u00e1s grandes del mundo.\",\"breadcrumb\":{\"@id\":\"https:\\\/\\\/gnfworldwide.com\\\/en\\\/juan-valdez-cafe-un-aroma-colombiano-que-conquista-el-mundo\\\/#breadcrumb\"},\"inLanguage\":\"es\",\"potentialAction\":[{\"@type\":\"ReadAction\",\"target\":[\"https:\\\/\\\/gnfworldwide.com\\\/en\\\/juan-valdez-cafe-un-aroma-colombiano-que-conquista-el-mundo\\\/\"]}]},{\"@type\":\"ImageObject\",\"inLanguage\":\"es\",\"@id\":\"https:\\\/\\\/gnfworldwide.com\\\/en\\\/juan-valdez-cafe-un-aroma-colombiano-que-conquista-el-mundo\\\/#primaryimage\",\"url\":\"https:\\\/\\\/gnfworldwide.com\\\/wp-content\\\/uploads\\\/2022\\\/05\\\/Disen\u0303o-sin-ti\u0301tulo-22.png\",\"contentUrl\":\"https:\\\/\\\/gnfworldwide.com\\\/wp-content\\\/uploads\\\/2022\\\/05\\\/Disen\u0303o-sin-ti\u0301tulo-22.png\",\"width\":670,\"height\":440,\"caption\":\"FRANQUICIAS GNF juan valdez cafe\"},{\"@type\":\"BreadcrumbList\",\"@id\":\"https:\\\/\\\/gnfworldwide.com\\\/en\\\/juan-valdez-cafe-un-aroma-colombiano-que-conquista-el-mundo\\\/#breadcrumb\",\"itemListElement\":[{\"@type\":\"ListItem\",\"position\":1,\"name\":\"Portada\",\"item\":\"https:\\\/\\\/gnfworldwide.com\\\/en\\\/\"},{\"@type\":\"ListItem\",\"position\":2,\"name\":\"Juan Valdez Caf\u00e9: Un Aroma Colombiano que Conquista el Mundo\"}]},{\"@type\":\"WebSite\",\"@id\":\"https:\\\/\\\/gnfworldwide.com\\\/es\\\/#website\",\"url\":\"https:\\\/\\\/gnfworldwide.com\\\/es\\\/\",\"name\":\"GNF Worldwide\",\"description\":\"Firma global referente del franchising\",\"publisher\":{\"@id\":\"https:\\\/\\\/gnfworldwide.com\\\/es\\\/#organization\"},\"potentialAction\":[{\"@type\":\"SearchAction\",\"target\":{\"@type\":\"EntryPoint\",\"urlTemplate\":\"https:\\\/\\\/gnfworldwide.com\\\/es\\\/?s={search_term_string}\"},\"query-input\":{\"@type\":\"PropertyValueSpecification\",\"valueRequired\":true,\"valueName\":\"search_term_string\"}}],\"inLanguage\":\"es\"},{\"@type\":\"Organization\",\"@id\":\"https:\\\/\\\/gnfworldwide.com\\\/es\\\/#organization\",\"name\":\"GNF Worldwide\",\"url\":\"https:\\\/\\\/gnfworldwide.com\\\/es\\\/\",\"logo\":{\"@type\":\"ImageObject\",\"inLanguage\":\"es\",\"@id\":\"https:\\\/\\\/gnfworldwide.com\\\/es\\\/#\\\/schema\\\/logo\\\/image\\\/\",\"url\":\"https:\\\/\\\/gnfworldwide.com\\\/wp-content\\\/uploads\\\/2021\\\/09\\\/Logo-GNF-New_Blanco_preview_preview.png\",\"contentUrl\":\"https:\\\/\\\/gnfworldwide.com\\\/wp-content\\\/uploads\\\/2021\\\/09\\\/Logo-GNF-New_Blanco_preview_preview.png\",\"width\":350,\"height\":100,\"caption\":\"GNF Worldwide\"},\"image\":{\"@id\":\"https:\\\/\\\/gnfworldwide.com\\\/es\\\/#\\\/schema\\\/logo\\\/image\\\/\"}},{\"@type\":\"Person\",\"@id\":\"https:\\\/\\\/gnfworldwide.com\\\/es\\\/#\\\/schema\\\/person\\\/a07fd74197da9b72c28000635c58b0d6\",\"name\":\"Maria de los Angeles\",\"image\":{\"@type\":\"ImageObject\",\"inLanguage\":\"es\",\"@id\":\"https:\\\/\\\/secure.gravatar.com\\\/avatar\\\/b2b485b1fdd886d8e0a2b8a494a3daaa8057e12fac762d900b5320f6e5c34da0?s=96&d=mm&r=g\",\"url\":\"https:\\\/\\\/secure.gravatar.com\\\/avatar\\\/b2b485b1fdd886d8e0a2b8a494a3daaa8057e12fac762d900b5320f6e5c34da0?s=96&d=mm&r=g\",\"contentUrl\":\"https:\\\/\\\/secure.gravatar.com\\\/avatar\\\/b2b485b1fdd886d8e0a2b8a494a3daaa8057e12fac762d900b5320f6e5c34da0?s=96&d=mm&r=g\",\"caption\":\"Maria de los Angeles\"},\"url\":\"https:\\\/\\\/gnfworldwide.com\\\/es\\\/author\\\/gnf2021\\\/\"}]}<\/script>\n<!-- \/ Yoast SEO plugin. -->","yoast_head_json":{"title":"Juan Valdez Caf\u00e9: Un Aroma Colombiano que Conquista el Mundo - GNF Worldwide","description":"Descubre c\u00f3mo Juan Valdez Caf\u00e9\u00ae, s\u00edmbolo de la cultura cafetera colombiana, ha conquistado el mercado global con su caf\u00e9 de alta calidad y ambiciosos planes de expansi\u00f3n. Con el apoyo de GNF Worldwide, la marca se enfoca en crecer en Medio Oriente y China, consolid\u00e1ndose como una de las cafeter\u00edas m\u00e1s grandes del mundo.","robots":{"index":"index","follow":"follow","max-snippet":"max-snippet:-1","max-image-preview":"max-image-preview:large","max-video-preview":"max-video-preview:-1"},"canonical":"https:\/\/gnfworldwide.com\/es\/juan-valdez-cafe-un-aroma-colombiano-que-conquista-el-mundo\/","og_locale":"es_ES","og_type":"article","og_title":"Juan Valdez Caf\u00e9: Un Aroma Colombiano que Conquista el Mundo - GNF Worldwide","og_description":"Descubre c\u00f3mo Juan Valdez Caf\u00e9\u00ae, s\u00edmbolo de la cultura cafetera colombiana, ha conquistado el mercado global con su caf\u00e9 de alta calidad y ambiciosos planes de expansi\u00f3n. Con el apoyo de GNF Worldwide, la marca se enfoca en crecer en Medio Oriente y China, consolid\u00e1ndose como una de las cafeter\u00edas m\u00e1s grandes del mundo.","og_url":"https:\/\/gnfworldwide.com\/es\/juan-valdez-cafe-un-aroma-colombiano-que-conquista-el-mundo\/","og_site_name":"GNF Worldwide","article_published_time":"2024-08-08T17:23:54+00:00","og_image":[{"width":670,"height":440,"url":"https:\/\/gnfworldwide.com\/wp-content\/uploads\/2022\/05\/Disen\u0303o-sin-ti\u0301tulo-22.png","type":"image\/png"}],"author":"Maria de los Angeles","twitter_card":"summary_large_image","twitter_misc":{"Escrito por":"Maria de los Angeles","Tiempo de lectura":"2 minutos"},"schema":{"@context":"https:\/\/schema.org","@graph":[{"@type":"Article","@id":"https:\/\/gnfworldwide.com\/en\/juan-valdez-cafe-un-aroma-colombiano-que-conquista-el-mundo\/#article","isPartOf":{"@id":"https:\/\/gnfworldwide.com\/en\/juan-valdez-cafe-un-aroma-colombiano-que-conquista-el-mundo\/"},"author":{"name":"Maria de los Angeles","@id":"https:\/\/gnfworldwide.com\/es\/#\/schema\/person\/a07fd74197da9b72c28000635c58b0d6"},"headline":"Juan Valdez Caf\u00e9: Un Aroma Colombiano que Conquista el Mundo","datePublished":"2024-08-08T17:23:54+00:00","mainEntityOfPage":{"@id":"https:\/\/gnfworldwide.com\/en\/juan-valdez-cafe-un-aroma-colombiano-que-conquista-el-mundo\/"},"wordCount":341,"commentCount":0,"publisher":{"@id":"https:\/\/gnfworldwide.com\/es\/#organization"},"image":{"@id":"https:\/\/gnfworldwide.com\/en\/juan-valdez-cafe-un-aroma-colombiano-que-conquista-el-mundo\/#primaryimage"},"thumbnailUrl":"https:\/\/gnfworldwide.com\/wp-content\/uploads\/2022\/05\/Disen\u0303o-sin-ti\u0301tulo-22.png","articleSection":["Sin categorizar"],"inLanguage":"es","potentialAction":[{"@type":"CommentAction","name":"Comment","target":["https:\/\/gnfworldwide.com\/en\/juan-valdez-cafe-un-aroma-colombiano-que-conquista-el-mundo\/#respond"]}]},{"@type":"WebPage","@id":"https:\/\/gnfworldwide.com\/en\/juan-valdez-cafe-un-aroma-colombiano-que-conquista-el-mundo\/","url":"https:\/\/gnfworldwide.com\/en\/juan-valdez-cafe-un-aroma-colombiano-que-conquista-el-mundo\/","name":"Juan Valdez Caf\u00e9: Un Aroma Colombiano que Conquista el Mundo - GNF Worldwide","isPartOf":{"@id":"https:\/\/gnfworldwide.com\/es\/#website"},"primaryImageOfPage":{"@id":"https:\/\/gnfworldwide.com\/en\/juan-valdez-cafe-un-aroma-colombiano-que-conquista-el-mundo\/#primaryimage"},"image":{"@id":"https:\/\/gnfworldwide.com\/en\/juan-valdez-cafe-un-aroma-colombiano-que-conquista-el-mundo\/#primaryimage"},"thumbnailUrl":"https:\/\/gnfworldwide.com\/wp-content\/uploads\/2022\/05\/Disen\u0303o-sin-ti\u0301tulo-22.png","datePublished":"2024-08-08T17:23:54+00:00","description":"Descubre c\u00f3mo Juan Valdez Caf\u00e9\u00ae, s\u00edmbolo de la cultura cafetera colombiana, ha conquistado el mercado global con su caf\u00e9 de alta calidad y ambiciosos planes de expansi\u00f3n. Con el apoyo de GNF Worldwide, la marca se enfoca en crecer en Medio Oriente y China, consolid\u00e1ndose como una de las cafeter\u00edas m\u00e1s grandes del mundo.","breadcrumb":{"@id":"https:\/\/gnfworldwide.com\/en\/juan-valdez-cafe-un-aroma-colombiano-que-conquista-el-mundo\/#breadcrumb"},"inLanguage":"es","potentialAction":[{"@type":"ReadAction","target":["https:\/\/gnfworldwide.com\/en\/juan-valdez-cafe-un-aroma-colombiano-que-conquista-el-mundo\/"]}]},{"@type":"ImageObject","inLanguage":"es","@id":"https:\/\/gnfworldwide.com\/en\/juan-valdez-cafe-un-aroma-colombiano-que-conquista-el-mundo\/#primaryimage","url":"https:\/\/gnfworldwide.com\/wp-content\/uploads\/2022\/05\/Disen\u0303o-sin-ti\u0301tulo-22.png","contentUrl":"https:\/\/gnfworldwide.com\/wp-content\/uploads\/2022\/05\/Disen\u0303o-sin-ti\u0301tulo-22.png","width":670,"height":440,"caption":"FRANQUICIAS GNF juan valdez cafe"},{"@type":"BreadcrumbList","@id":"https:\/\/gnfworldwide.com\/en\/juan-valdez-cafe-un-aroma-colombiano-que-conquista-el-mundo\/#breadcrumb","itemListElement":[{"@type":"ListItem","position":1,"name":"Portada","item":"https:\/\/gnfworldwide.com\/en\/"},{"@type":"ListItem","position":2,"name":"Juan Valdez Caf\u00e9: Un Aroma Colombiano que Conquista el Mundo"}]},{"@type":"WebSite","@id":"https:\/\/gnfworldwide.com\/es\/#website","url":"https:\/\/gnfworldwide.com\/es\/","name":"GNF Worldwide","description":"Firma global referente del franchising","publisher":{"@id":"https:\/\/gnfworldwide.com\/es\/#organization"},"potentialAction":[{"@type":"SearchAction","target":{"@type":"EntryPoint","urlTemplate":"https:\/\/gnfworldwide.com\/es\/?s={search_term_string}"},"query-input":{"@type":"PropertyValueSpecification","valueRequired":true,"valueName":"search_term_string"}}],"inLanguage":"es"},{"@type":"Organization","@id":"https:\/\/gnfworldwide.com\/es\/#organization","name":"GNF Worldwide","url":"https:\/\/gnfworldwide.com\/es\/","logo":{"@type":"ImageObject","inLanguage":"es","@id":"https:\/\/gnfworldwide.com\/es\/#\/schema\/logo\/image\/","url":"https:\/\/gnfworldwide.com\/wp-content\/uploads\/2021\/09\/Logo-GNF-New_Blanco_preview_preview.png","contentUrl":"https:\/\/gnfworldwide.com\/wp-content\/uploads\/2021\/09\/Logo-GNF-New_Blanco_preview_preview.png","width":350,"height":100,"caption":"GNF Worldwide"},"image":{"@id":"https:\/\/gnfworldwide.com\/es\/#\/schema\/logo\/image\/"}},{"@type":"Person","@id":"https:\/\/gnfworldwide.com\/es\/#\/schema\/person\/a07fd74197da9b72c28000635c58b0d6","name":"Maria de los Angeles","image":{"@type":"ImageObject","inLanguage":"es","@id":"https:\/\/secure.gravatar.com\/avatar\/b2b485b1fdd886d8e0a2b8a494a3daaa8057e12fac762d900b5320f6e5c34da0?s=96&d=mm&r=g","url":"https:\/\/secure.gravatar.com\/avatar\/b2b485b1fdd886d8e0a2b8a494a3daaa8057e12fac762d900b5320f6e5c34da0?s=96&d=mm&r=g","contentUrl":"https:\/\/secure.gravatar.com\/avatar\/b2b485b1fdd886d8e0a2b8a494a3daaa8057e12fac762d900b5320f6e5c34da0?s=96&d=mm&r=g","caption":"Maria de los Angeles"},"url":"https:\/\/gnfworldwide.com\/es\/author\/gnf2021\/"}]}},"_links":{"self":[{"href":"https:\/\/gnfworldwide.com\/es\/wp-json\/wp\/v2\/posts\/18729","targetHints":{"allow":["GET"]}}],"collection":[{"href":"https:\/\/gnfworldwide.com\/es\/wp-json\/wp\/v2\/posts"}],"about":[{"href":"https:\/\/gnfworldwide.com\/es\/wp-json\/wp\/v2\/types\/post"}],"author":[{"embeddable":true,"href":"https:\/\/gnfworldwide.com\/es\/wp-json\/wp\/v2\/users\/2"}],"replies":[{"embeddable":true,"href":"https:\/\/gnfworldwide.com\/es\/wp-json\/wp\/v2\/comments?post=18729"}],"version-history":[{"count":0,"href":"https:\/\/gnfworldwide.com\/es\/wp-json\/wp\/v2\/posts\/18729\/revisions"}],"wp:featuredmedia":[{"embeddable":true,"href":"https:\/\/gnfworldwide.com\/es\/wp-json\/wp\/v2\/media\/4384"}],"wp:attachment":[{"href":"https:\/\/gnfworldwide.com\/es\/wp-json\/wp\/v2\/media?parent=18729"}],"wp:term":[{"taxonomy":"category","embeddable":true,"href":"https:\/\/gnfworldwide.com\/es\/wp-json\/wp\/v2\/categories?post=18729"},{"taxonomy":"post_tag","embeddable":true,"href":"https:\/\/gnfworldwide.com\/es\/wp-json\/wp\/v2\/tags?post=18729"}],"curies":[{"name":"wp","href":"https:\/\/api.w.org\/{rel}","templated":true}]}}